{"id":738,"date":"2016-09-28T07:39:57","date_gmt":"2016-09-28T07:39:57","guid":{"rendered":"http:\/\/lucas.buclin.org\/?p=738"},"modified":"2016-09-28T07:39:57","modified_gmt":"2016-09-28T07:39:57","slug":"belle-premiere-a-la-tonhalle-zurich-avec-le-flutiste-sebastian-jacot","status":"publish","type":"post","link":"http:\/\/lucas.buclin.org\/?p=738","title":{"rendered":"Belle premi\u00e8re \u00e0 la Tonhalle Z\u00fcrich avec le fl\u00fbtiste S\u00e9bastian Jacot"},"content":{"rendered":"<p>Lundi 26 septembre 2016 a eu lieu avec succ\u00e8s la premi\u00e8re performance publique de notre nouveau programme pour fl\u00fbte et piano. Rendez-vous \u00e0 Turin le 17 janvier prochain pour le m\u00eame programme.<\/p>\n<p><a href=\"http:\/\/lucas.buclin.org\/wp-content\/uploads\/2015\/06\/article-tonhalle-e1475047593684.jpg\"><img decoding=\"async\" loading=\"lazy\" class=\"alignnone size-large wp-image-734\" src=\"http:\/\/lucas.buclin.org\/wp-content\/uploads\/2015\/06\/article-tonhalle-e1475047593684-693x1024.jpg\" alt=\"article tonhalle\" width=\"693\" height=\"1024\" srcset=\"http:\/\/lucas.buclin.org\/wp-content\/uploads\/2015\/06\/article-tonhalle-e1475047593684-693x1024.jpg 693w, http:\/\/lucas.buclin.org\/wp-content\/uploads\/2015\/06\/article-tonhalle-e1475047593684-203x300.jpg 203w, http:\/\/lucas.buclin.org\/wp-content\/uploads\/2015\/06\/article-tonhalle-e1475047593684-1920x2836.jpg 1920w\" sizes=\"(max-width: 693px) 100vw, 693px\" \/><\/a><\/p>\n","protected":false},"excerpt":{"rendered":"<p>Lundi 26 septembre 2016 a eu lieu avec succ\u00e8s la premi\u00e8re performance publique de notre nouveau programme pour fl\u00fbte et piano. Rendez-vous \u00e0 Turin le 17 janvier prochain pour le m\u00eame programme.<\/p>\n","protected":false},"author":1,"featured_media":0,"comment_status":"closed","ping_status":"closed","sticky":false,"template":"","format":"standard","meta":[],"categories":[1],"tags":[],"_links":{"self":[{"href":"http:\/\/lucas.buclin.org\/index.php?rest_route=\/wp\/v2\/posts\/738"}],"collection":[{"href":"http:\/\/lucas.buclin.org\/index.php?rest_route=\/wp\/v2\/posts"}],"about":[{"href":"http:\/\/lucas.buclin.org\/index.php?rest_route=\/wp\/v2\/types\/post"}],"author":[{"embeddable":true,"href":"http:\/\/lucas.buclin.org\/index.php?rest_route=\/wp\/v2\/users\/1"}],"replies":[{"embeddable":true,"href":"http:\/\/lucas.buclin.org\/index.php?rest_route=%2Fwp%2Fv2%2Fcomments&post=738"}],"version-history":[{"count":1,"href":"http:\/\/lucas.buclin.org\/index.php?rest_route=\/wp\/v2\/posts\/738\/revisions"}],"predecessor-version":[{"id":739,"href":"http:\/\/lucas.buclin.org\/index.php?rest_route=\/wp\/v2\/posts\/738\/revisions\/739"}],"wp:attachment":[{"href":"http:\/\/lucas.buclin.org\/index.php?rest_route=%2Fwp%2Fv2%2Fmedia&parent=738"}],"wp:term":[{"taxonomy":"category","embeddable":true,"href":"http:\/\/lucas.buclin.org\/index.php?rest_route=%2Fwp%2Fv2%2Fcategories&post=738"},{"taxonomy":"post_tag","embeddable":true,"href":"http:\/\/lucas.buclin.org\/index.php?rest_route=%2Fwp%2Fv2%2Ftags&post=738"}],"curies":[{"name":"wp","href":"https:\/\/api.w.org\/{rel}","templated":true}]}}