{"id":727,"date":"2016-08-31T06:46:49","date_gmt":"2016-08-31T06:46:49","guid":{"rendered":"http:\/\/lucas.buclin.org\/?p=727"},"modified":"2022-05-14T11:14:54","modified_gmt":"2022-05-14T11:14:54","slug":"intimement-schumann","status":"publish","type":"post","link":"http:\/\/lucas.buclin.org\/?p=727","title":{"rendered":"Intimement Schumann"},"content":{"rendered":"<p>A seize <span data-scayt_word=\"ans\" data-scaytid=\"1\">ans<\/span>, Rober<img decoding=\"async\" loading=\"lazy\" class=\"  wp-image-672 alignleft\" src=\"http:\/\/lucas.buclin.org\/wp-content\/uploads\/2016\/04\/intimement_schumann.jpg\" alt=\"intimement_schumann\" width=\"353\" height=\"415\" \/>t Schumann commence son journal <span data-scayt_word=\"intime\" data-scaytid=\"2\">intime<\/span>, <span data-scayt_word=\"suivant\" data-scaytid=\"3\">suivant<\/span> <span data-scayt_word=\"une\" data-scaytid=\"4\">une<\/span> tradition <span data-scayt_word=\"ch\u00e8re\" data-scaytid=\"6\">ch\u00e8re\u00a0<\/span>aux artistes <span data-scayt_word=\"allemands\" data-scaytid=\"7\">allemands<\/span>. De 1840\u00a0<span data-scayt_word=\"\u00e0\" data-scaytid=\"8\">\u00e0<\/span>\u00a01843,\u00a0le compositeur\u00a0et son <span data-scayt_word=\"\u00e9pouse\" data-scaytid=\"11\">\u00e9pouse<\/span> Clara\u00a0<span data-scayt_word=\"prennent\" data-scaytid=\"13\">prennent<\/span> tour <span data-scayt_word=\"\u00e0\" data-scaytid=\"9\">\u00e0<\/span> tour la plume. <span data-scayt_word=\"Ils\" data-scaytid=\"15\">Ils<\/span> y <span data-scayt_word=\"relatent\" data-scaytid=\"16\">relatent<\/span> leur\u00a0<span data-scayt_word=\"bonheur\" data-scaytid=\"17\">bonheur<\/span>, <span data-scayt_word=\"leurs\" data-scaytid=\"19\">leurs<\/span> efforts <span data-scayt_word=\"consentis\" data-scaytid=\"20\">consentis<\/span> et\u00a0<span data-scayt_word=\"progr\u00e8s\" data-scaytid=\"21\">progr\u00e8s<\/span> <span data-scayt_word=\"acquis\" data-scaytid=\"22\">acquis<\/span>. <span data-scayt_word=\"Leur\" data-scaytid=\"23\">Leur<\/span> vie <span data-scayt_word=\"sentimentale\" data-scaytid=\"24\">sentimentale<\/span> et <span data-scayt_word=\"artistique\" data-scaytid=\"25\">artistique<\/span>, <span data-scayt_word=\"tr\u00e8s\" data-scaytid=\"26\">tr\u00e8s<\/span> <span data-scayt_word=\"anim\u00e9e\" data-scaytid=\"27\">anim\u00e9e<\/span> et <span data-scayt_word=\"perturb\u00e9e\" data-scaytid=\"28\">perturb\u00e9e<\/span>, y <span data-scayt_word=\"est\" data-scaytid=\"29\">est\u00a0<\/span><span data-scayt_word=\"racont\u00e9e\" data-scaytid=\"30\">racont\u00e9e<\/span> <span data-scayt_word=\"avec\" data-scaytid=\"31\">avec<\/span> talent et <span data-scayt_word=\"l\u00e9g\u00e8ret\u00e9\" data-scaytid=\"32\">l\u00e9g\u00e8ret\u00e9<\/span>.<\/p>\n<p><span data-scayt_word=\"Avec\" data-scaytid=\"99\">Avec<\/span> des lectures en <span data-scayt_word=\"fran\u00e7ais\" data-scaytid=\"100\">fran\u00e7ais<\/span> et des <span data-scayt_word=\"m\u00e9lodies\" data-scaytid=\"101\">m\u00e9lodies<\/span> en <span data-scayt_word=\"allemand\" data-scaytid=\"102\">allemand<\/span>, <a href=\"http:\/\/www.leana-durney.ch\/Soprano\/Accueil.html\" target=\"_blank\" rel=\"noopener noreferrer\"><span data-scayt_word=\"Leana\" data-scaytid=\"103\">Leana<\/span> <span data-scayt_word=\"Durney\" data-scaytid=\"104\">Durney<\/span>,<\/a> soprano, et Lucas <span data-scayt_word=\"Buclin\" data-scaytid=\"105\">Buclin<\/span>, <span data-scayt_word=\"pianiste\" data-scaytid=\"106\">pianiste<\/span>, nous plongent dans\u00a0l\u2019intimit\u00e9 bouleversante d\u2019un grand nom\u00a0du romantisme musical.<\/p>\n<ul>\n<li><strong>Prochain concert: 15 mai 2022, Ch\u00e2teau de Monthey<\/strong><\/li>\n<\/ul>\n<p style=\"text-align: right;\"><a href=\"http:\/\/www.ancre-bleue.ch\/concerts.html\"><img decoding=\"async\" loading=\"lazy\" class=\" wp-image-823  alignright\" src=\"http:\/\/lucas.buclin.org\/wp-content\/uploads\/2016\/08\/DSC0470-300x200.jpg\" alt=\"lucas buclin piano l\u00e9ana durney soprano intimement schumann\" width=\"482\" height=\"321\" srcset=\"http:\/\/lucas.buclin.org\/wp-content\/uploads\/2016\/08\/DSC0470-300x200.jpg 300w, http:\/\/lucas.buclin.org\/wp-content\/uploads\/2016\/08\/DSC0470-1024x683.jpg 1024w, http:\/\/lucas.buclin.org\/wp-content\/uploads\/2016\/08\/DSC0470-1920x1281.jpg 1920w\" sizes=\"(max-width: 482px) 100vw, 482px\" \/><\/a><\/p>\n","protected":false},"excerpt":{"rendered":"<p>A seize ans, Robert Schumann commence son journal intime, suivant une tradition ch\u00e8re\u00a0aux artistes allemands. De 1840\u00a0\u00e0\u00a01843,\u00a0le compositeur\u00a0et son \u00e9pouse Clara\u00a0prennent tour \u00e0 tour la plume. Ils y relatent leur\u00a0bonheur, leurs efforts consentis et\u00a0progr\u00e8s acquis. Leur vie sentimentale et artistique, tr\u00e8s anim\u00e9e et perturb\u00e9e, y est\u00a0racont\u00e9e avec talent et l\u00e9g\u00e8ret\u00e9. Avec des lectures en fran\u00e7ais&hellip;<\/p>\n","protected":false},"author":1,"featured_media":0,"comment_status":"closed","ping_status":"closed","sticky":false,"template":"","format":"standard","meta":[],"categories":[1],"tags":[],"_links":{"self":[{"href":"http:\/\/lucas.buclin.org\/index.php?rest_route=\/wp\/v2\/posts\/727"}],"collection":[{"href":"http:\/\/lucas.buclin.org\/index.php?rest_route=\/wp\/v2\/posts"}],"about":[{"href":"http:\/\/lucas.buclin.org\/index.php?rest_route=\/wp\/v2\/types\/post"}],"author":[{"embeddable":true,"href":"http:\/\/lucas.buclin.org\/index.php?rest_route=\/wp\/v2\/users\/1"}],"replies":[{"embeddable":true,"href":"http:\/\/lucas.buclin.org\/index.php?rest_route=%2Fwp%2Fv2%2Fcomments&post=727"}],"version-history":[{"count":8,"href":"http:\/\/lucas.buclin.org\/index.php?rest_route=\/wp\/v2\/posts\/727\/revisions"}],"predecessor-version":[{"id":1142,"href":"http:\/\/lucas.buclin.org\/index.php?rest_route=\/wp\/v2\/posts\/727\/revisions\/1142"}],"wp:attachment":[{"href":"http:\/\/lucas.buclin.org\/index.php?rest_route=%2Fwp%2Fv2%2Fmedia&parent=727"}],"wp:term":[{"taxonomy":"category","embeddable":true,"href":"http:\/\/lucas.buclin.org\/index.php?rest_route=%2Fwp%2Fv2%2Fcategories&post=727"},{"taxonomy":"post_tag","embeddable":true,"href":"http:\/\/lucas.buclin.org\/index.php?rest_route=%2Fwp%2Fv2%2Ftags&post=727"}],"curies":[{"name":"wp","href":"https:\/\/api.w.org\/{rel}","templated":true}]}}