{"id":1172,"date":"2022-06-21T12:47:50","date_gmt":"2022-06-21T12:47:50","guid":{"rendered":"https:\/\/lucas.buclin.org\/?p=1172"},"modified":"2022-06-21T12:51:02","modified_gmt":"2022-06-21T12:51:02","slug":"4-festivals-de-montagne-pour-lete","status":"publish","type":"post","link":"http:\/\/lucas.buclin.org\/?p=1172","title":{"rendered":"4 Festivals de montagne pour l&rsquo;\u00e9t\u00e9!"},"content":{"rendered":"\n<p>Le Valais est \u00e0 l&rsquo;honneur cet \u00e9t\u00e9 puisqu&rsquo;apr\u00e8s Salvan, ce sera au tour de La Sage, puis St-Luc et enfin Zermatt de m&rsquo;accueillir pour des performances, \u00e9crites ou improvis\u00e9es, avec choeur ou sur des images d&rsquo;un film de montagne&#8230; Allez faire un tour sur la page Agenda, et choisissez votre vall\u00e9e!<\/p>\n","protected":false},"excerpt":{"rendered":"<p>Le Valais est \u00e0 l&rsquo;honneur cet \u00e9t\u00e9 puisqu&rsquo;apr\u00e8s Salvan, ce sera au tour de La Sage, puis St-Luc et enfin Zermatt de m&rsquo;accueillir pour des performances, \u00e9crites ou improvis\u00e9es, avec choeur ou sur des images d&rsquo;un film de montagne&#8230; Allez faire un tour sur la page Agenda, et choisissez votre vall\u00e9e!<\/p>\n","protected":false},"author":1,"featured_media":0,"comment_status":"closed","ping_status":"closed","sticky":false,"template":"","format":"standard","meta":[],"categories":[1],"tags":[],"_links":{"self":[{"href":"http:\/\/lucas.buclin.org\/index.php?rest_route=\/wp\/v2\/posts\/1172"}],"collection":[{"href":"http:\/\/lucas.buclin.org\/index.php?rest_route=\/wp\/v2\/posts"}],"about":[{"href":"http:\/\/lucas.buclin.org\/index.php?rest_route=\/wp\/v2\/types\/post"}],"author":[{"embeddable":true,"href":"http:\/\/lucas.buclin.org\/index.php?rest_route=\/wp\/v2\/users\/1"}],"replies":[{"embeddable":true,"href":"http:\/\/lucas.buclin.org\/index.php?rest_route=%2Fwp%2Fv2%2Fcomments&post=1172"}],"version-history":[{"count":2,"href":"http:\/\/lucas.buclin.org\/index.php?rest_route=\/wp\/v2\/posts\/1172\/revisions"}],"predecessor-version":[{"id":1176,"href":"http:\/\/lucas.buclin.org\/index.php?rest_route=\/wp\/v2\/posts\/1172\/revisions\/1176"}],"wp:attachment":[{"href":"http:\/\/lucas.buclin.org\/index.php?rest_route=%2Fwp%2Fv2%2Fmedia&parent=1172"}],"wp:term":[{"taxonomy":"category","embeddable":true,"href":"http:\/\/lucas.buclin.org\/index.php?rest_route=%2Fwp%2Fv2%2Fcategories&post=1172"},{"taxonomy":"post_tag","embeddable":true,"href":"http:\/\/lucas.buclin.org\/index.php?rest_route=%2Fwp%2Fv2%2Ftags&post=1172"}],"curies":[{"name":"wp","href":"https:\/\/api.w.org\/{rel}","templated":true}]}}