{"id":1068,"date":"2021-05-19T07:35:05","date_gmt":"2021-05-19T07:35:05","guid":{"rendered":"http:\/\/lucas.buclin.org\/?p=1068"},"modified":"2021-05-19T07:42:48","modified_gmt":"2021-05-19T07:42:48","slug":"printemps-de-malheur-mais-reprise-en-douceur","status":"publish","type":"post","link":"http:\/\/lucas.buclin.org\/?p=1068","title":{"rendered":"Printemps de malheur mais reprise en douceur&#8230;!"},"content":{"rendered":"\n<p>La m\u00e9t\u00e9o maussade a au moins l&rsquo;avantage de nous tenir \u00e0 l&rsquo;instrument sans autres tentations. L&rsquo;occasion de pr\u00e9parer les programmes futurs: apr\u00e8s la reprise au Th\u00e9\u00e2tre de Grand-Champ de l&rsquo;Op\u00e9ra dans tous ses \u00e9tats d\u00e9but mai, ce sera au tour du Duel de piano de faire son \u00ab\u00a0grand\u00a0\u00bb retour, dans l&rsquo;intimit\u00e9 d&rsquo;un Th\u00e9\u00e2tre de Pr\u00e9-aux-Moines rempli selon les ordonnances sanitaires en vigueur, 50 personnes max! Puis viendra la Com\u00e9die Musicale Improvis\u00e9e avec un spectacle XXL unique au mois de juin pour c\u00e9l\u00e9brer les 10 ans de ce beau projet. Enfin, le mois d&rsquo;ao\u00fbt verra la reprise des programmes classiques en musique de chambre avec la sonate de Rachmaninov pour violoncelle et piano au festival du To\u00fbno \u00e0 St-Luc (Valais). Toutes les infos seront prochainement affich\u00e9es dans l&rsquo;agenda, bonne visite!<\/p>\n","protected":false},"excerpt":{"rendered":"<p>La m\u00e9t\u00e9o maussade a au moins l&rsquo;avantage de nous tenir \u00e0 l&rsquo;instrument sans autres tentations. L&rsquo;occasion de pr\u00e9parer les programmes futurs: apr\u00e8s la reprise au Th\u00e9\u00e2tre de Grand-Champ de l&rsquo;Op\u00e9ra dans tous ses \u00e9tats d\u00e9but mai, ce sera au tour du Duel de piano de faire son \u00ab\u00a0grand\u00a0\u00bb retour, dans l&rsquo;intimit\u00e9 d&rsquo;un Th\u00e9\u00e2tre de Pr\u00e9-aux-Moines&hellip;<\/p>\n","protected":false},"author":1,"featured_media":0,"comment_status":"open","ping_status":"open","sticky":false,"template":"","format":"standard","meta":[],"categories":[1],"tags":[],"_links":{"self":[{"href":"http:\/\/lucas.buclin.org\/index.php?rest_route=\/wp\/v2\/posts\/1068"}],"collection":[{"href":"http:\/\/lucas.buclin.org\/index.php?rest_route=\/wp\/v2\/posts"}],"about":[{"href":"http:\/\/lucas.buclin.org\/index.php?rest_route=\/wp\/v2\/types\/post"}],"author":[{"embeddable":true,"href":"http:\/\/lucas.buclin.org\/index.php?rest_route=\/wp\/v2\/users\/1"}],"replies":[{"embeddable":true,"href":"http:\/\/lucas.buclin.org\/index.php?rest_route=%2Fwp%2Fv2%2Fcomments&post=1068"}],"version-history":[{"count":2,"href":"http:\/\/lucas.buclin.org\/index.php?rest_route=\/wp\/v2\/posts\/1068\/revisions"}],"predecessor-version":[{"id":1072,"href":"http:\/\/lucas.buclin.org\/index.php?rest_route=\/wp\/v2\/posts\/1068\/revisions\/1072"}],"wp:attachment":[{"href":"http:\/\/lucas.buclin.org\/index.php?rest_route=%2Fwp%2Fv2%2Fmedia&parent=1068"}],"wp:term":[{"taxonomy":"category","embeddable":true,"href":"http:\/\/lucas.buclin.org\/index.php?rest_route=%2Fwp%2Fv2%2Fcategories&post=1068"},{"taxonomy":"post_tag","embeddable":true,"href":"http:\/\/lucas.buclin.org\/index.php?rest_route=%2Fwp%2Fv2%2Ftags&post=1068"}],"curies":[{"name":"wp","href":"https:\/\/api.w.org\/{rel}","templated":true}]}}