{"id":1062,"date":"2020-08-28T09:08:57","date_gmt":"2020-08-28T09:08:57","guid":{"rendered":"http:\/\/lucas.buclin.org\/?p=1062"},"modified":"2020-08-28T09:08:57","modified_gmt":"2020-08-28T09:08:57","slug":"les-concerts-reprennent","status":"publish","type":"post","link":"http:\/\/lucas.buclin.org\/?p=1062","title":{"rendered":"Les concerts reprennent!"},"content":{"rendered":"\n<p>Apr\u00e8s cette pause estivale forc\u00e9e (1 concert au mois d&rsquo;ao\u00fbt, dans la stricte intimit\u00e9 de la chapelle de La Sage &#8211; VS ), quelques dates commencent \u00e0 refaire surface&#8230;mais on navigue toujours \u00e0 vue!<\/p>\n\n\n\n<p>Le mois de septembre verra la reprise de notre programme \u00ab\u00a0Blue Recital\u00a0\u00bb \u00e0 Lausanne, avec le g\u00e9nial Joachim Forlani et sa clarinette. Gershwin, Prokofiev et Rachmaninov feront vibrer l&rsquo;Eglise Saint Jean de Cour \u00e0 Lausanne le 27 septembre. <a href=\"https:\/\/pianoetmusiquedechambre.com\/\">Les r\u00e9servations se font ici!<\/a><\/p>\n\n\n\n<p>Pour la suite, plein de promesses&#8230;qu&rsquo;on esp\u00e8re pouvoir tenir d&rsquo;ici l\u00e0!<\/p>\n\n\n\n<p><\/p>\n","protected":false},"excerpt":{"rendered":"<p>Apr\u00e8s cette pause estivale forc\u00e9e (1 concert au mois d&rsquo;ao\u00fbt, dans la stricte intimit\u00e9 de la chapelle de La Sage &#8211; VS ), quelques dates commencent \u00e0 refaire surface&#8230;mais on navigue toujours \u00e0 vue! Le mois de septembre verra la reprise de notre programme \u00ab\u00a0Blue Recital\u00a0\u00bb \u00e0 Lausanne, avec le g\u00e9nial Joachim Forlani et sa&hellip;<\/p>\n","protected":false},"author":1,"featured_media":0,"comment_status":"open","ping_status":"open","sticky":false,"template":"","format":"standard","meta":[],"categories":[1],"tags":[],"_links":{"self":[{"href":"http:\/\/lucas.buclin.org\/index.php?rest_route=\/wp\/v2\/posts\/1062"}],"collection":[{"href":"http:\/\/lucas.buclin.org\/index.php?rest_route=\/wp\/v2\/posts"}],"about":[{"href":"http:\/\/lucas.buclin.org\/index.php?rest_route=\/wp\/v2\/types\/post"}],"author":[{"embeddable":true,"href":"http:\/\/lucas.buclin.org\/index.php?rest_route=\/wp\/v2\/users\/1"}],"replies":[{"embeddable":true,"href":"http:\/\/lucas.buclin.org\/index.php?rest_route=%2Fwp%2Fv2%2Fcomments&post=1062"}],"version-history":[{"count":1,"href":"http:\/\/lucas.buclin.org\/index.php?rest_route=\/wp\/v2\/posts\/1062\/revisions"}],"predecessor-version":[{"id":1066,"href":"http:\/\/lucas.buclin.org\/index.php?rest_route=\/wp\/v2\/posts\/1062\/revisions\/1066"}],"wp:attachment":[{"href":"http:\/\/lucas.buclin.org\/index.php?rest_route=%2Fwp%2Fv2%2Fmedia&parent=1062"}],"wp:term":[{"taxonomy":"category","embeddable":true,"href":"http:\/\/lucas.buclin.org\/index.php?rest_route=%2Fwp%2Fv2%2Fcategories&post=1062"},{"taxonomy":"post_tag","embeddable":true,"href":"http:\/\/lucas.buclin.org\/index.php?rest_route=%2Fwp%2Fv2%2Ftags&post=1062"}],"curies":[{"name":"wp","href":"https:\/\/api.w.org\/{rel}","templated":true}]}}