{"id":1014,"date":"2020-02-28T07:50:16","date_gmt":"2020-02-28T07:50:16","guid":{"rendered":"http:\/\/lucas.buclin.org\/?p=1014"},"modified":"2020-02-28T07:51:47","modified_gmt":"2020-02-28T07:51:47","slug":"le-duel-de-piano-et-bien-dautres-dates-au-mois-de-mars","status":"publish","type":"post","link":"http:\/\/lucas.buclin.org\/?p=1014","title":{"rendered":"Le Duel de piano&#8230;et bien d&rsquo;autres dates au mois de mars."},"content":{"rendered":"\n<p>Beaucoup de dates et de projets se succ\u00e8dent pendant ce mois de mars. A commencer par le <a href=\"https:\/\/nouveaumonde.ch\/fr\/event\/2020\/duel-de-pianos-ch\">Duel de pianos dimanche 1er mars<\/a>. Un spectacle \u00e0 la fois dr\u00f4le, humoristique et sans merci o\u00f9 le pianiste classique Lucas Buclin affronte le jazzman Florian Favre dans un duel d&rsquo;improvisations arbitr\u00e9 par le com\u00e9dien Yvan Richardet. Un spectacle tout public!<\/p>\n\n\n\n<p>Puis place \u00e0 l&rsquo;intimit\u00e9 du Lied romantique avec <a href=\"http:\/\/www.crochetan.ch\/index.php\/event\/chateau4\/\">Intimement Schumann, le 15 mars au Ch\u00e2teau de Monthey<\/a>. Lucas Buclin et la soprano Leana Durney retracent le destin tragique du compositeur \u00e0 travers sa musique, ses lettres et son journal intime.<\/p>\n\n\n\n<p>Les 20, 21, 22 mars seront consacr\u00e9s \u00e0 un programme en trio avec la clarinettiste <a href=\"http:\/\/www.yasminaspiegelberg.com\/\">Yasmina Spiegelberg<\/a> et la violoniste <a href=\"https:\/\/www.jahalee.com\/about\">Jaha Lee<\/a>, venues respectivement des Etats-Unis et de Paris pour l&rsquo;occasion! Au programme: Bach, Bartok, Liszt, Khatchaturian et Widmann.<\/p>\n\n\n\n<p>Pour finir, le 27 mars, <a href=\"http:\/\/lc2000.ch\/events\/une-retraite-romantique-en-suisse-lucas-buclin-piano\/\">les Pages Musicales de la Chaux<\/a> donnent carte blanche au pianiste Lucas Buclin pour un r\u00e9cital qui entrem\u00eale interpr\u00e9tation et improvisation: les <em>Ann\u00e9es de p\u00e8lerinage<\/em>, pi\u00e8ces \u00e9crites lors du voyage de Franz Liszt en Suisse, viendront inspirer une 2e partie sous forme d&rsquo;improvisation sur le premier film alpin suisse: <em>Der Bergf\u00fchrer<\/em> d&rsquo;Edouard Bienz.<\/p>\n\n\n\n<p><\/p>\n","protected":false},"excerpt":{"rendered":"<p>Beaucoup de dates et de projets se succ\u00e8dent pendant ce mois de mars. A commencer par le Duel de pianos dimanche 1er mars. Un spectacle \u00e0 la fois dr\u00f4le, humoristique et sans merci o\u00f9 le pianiste classique Lucas Buclin affronte le jazzman Florian Favre dans un duel d&rsquo;improvisations arbitr\u00e9 par le com\u00e9dien Yvan Richardet. Un&hellip;<\/p>\n","protected":false},"author":1,"featured_media":0,"comment_status":"closed","ping_status":"closed","sticky":false,"template":"","format":"standard","meta":[],"categories":[1],"tags":[],"_links":{"self":[{"href":"http:\/\/lucas.buclin.org\/index.php?rest_route=\/wp\/v2\/posts\/1014"}],"collection":[{"href":"http:\/\/lucas.buclin.org\/index.php?rest_route=\/wp\/v2\/posts"}],"about":[{"href":"http:\/\/lucas.buclin.org\/index.php?rest_route=\/wp\/v2\/types\/post"}],"author":[{"embeddable":true,"href":"http:\/\/lucas.buclin.org\/index.php?rest_route=\/wp\/v2\/users\/1"}],"replies":[{"embeddable":true,"href":"http:\/\/lucas.buclin.org\/index.php?rest_route=%2Fwp%2Fv2%2Fcomments&post=1014"}],"version-history":[{"count":1,"href":"http:\/\/lucas.buclin.org\/index.php?rest_route=\/wp\/v2\/posts\/1014\/revisions"}],"predecessor-version":[{"id":1015,"href":"http:\/\/lucas.buclin.org\/index.php?rest_route=\/wp\/v2\/posts\/1014\/revisions\/1015"}],"wp:attachment":[{"href":"http:\/\/lucas.buclin.org\/index.php?rest_route=%2Fwp%2Fv2%2Fmedia&parent=1014"}],"wp:term":[{"taxonomy":"category","embeddable":true,"href":"http:\/\/lucas.buclin.org\/index.php?rest_route=%2Fwp%2Fv2%2Fcategories&post=1014"},{"taxonomy":"post_tag","embeddable":true,"href":"http:\/\/lucas.buclin.org\/index.php?rest_route=%2Fwp%2Fv2%2Ftags&post=1014"}],"curies":[{"name":"wp","href":"https:\/\/api.w.org\/{rel}","templated":true}]}}